{"id":157,"date":"2021-06-06T08:00:01","date_gmt":"2021-06-06T06:00:01","guid":{"rendered":"https:\/\/xn--arbetstimmarpermnad-gxb.se\/?p=157"},"modified":"2025-02-17T15:46:02","modified_gmt":"2025-02-17T14:46:02","slug":"sveriges-nationaldag","status":"publish","type":"post","link":"https:\/\/xn--arbetstimmarpermnad-gxb.se\/is\/thjodhatidardagur-svithjodar\/","title":{"rendered":"\u00dej\u00f3\u00f0h\u00e1t\u00ed\u00f0ardagur Sv\u00ed\u00fej\u00f3\u00f0ar"},"content":{"rendered":"<h1 class=\"western\" align=\"JUSTIFY\"><img loading=\"lazy\" decoding=\"async\" class=\"aligncenter size-full wp-image-158\" src=\"https:\/\/xn--arbetstimmarpermnad-gxb.se\/wp-content\/uploads\/2022\/04\/sveriges-nationaldag.jpg\" alt=\"\u00dej\u00f3\u00f0h\u00e1t\u00ed\u00f0ardagur Sv\u00ed\u00fej\u00f3\u00f0ar\" width=\"600\" height=\"400\" srcset=\"https:\/\/xn--arbetstimmarpermnad-gxb.se\/wp-content\/uploads\/2022\/04\/sveriges-nationaldag.jpg 600w, https:\/\/xn--arbetstimmarpermnad-gxb.se\/wp-content\/uploads\/2022\/04\/sveriges-nationaldag-300x200.jpg 300w\" sizes=\"auto, (max-width: 600px) 100vw, 600px\" \/>\u00dej\u00f3\u00f0h\u00e1t\u00ed\u00f0ardagur Sv\u00ed\u00fej\u00f3\u00f0ar<\/h1>\n<p align=\"JUSTIFY\">\u00der\u00e1tt fyrir mikla s\u00e9rst\u00f6\u00f0u hefur \u00fej\u00f3\u00f0h\u00e1t\u00ed\u00f0ardagur Sv\u00ed\u00fej\u00f3\u00f0ar \u00ed raun ekki veri\u00f0 fr\u00eddagur mj\u00f6g lengi. En \u00e1 sama t\u00edma \u00e1 h\u00fan s\u00e9r s\u00f6gu sem n\u00e6r nokkur hundru\u00f0 \u00e1r aftur \u00ed t\u00edmann. Hvernig \u00fev\u00ed er fagna\u00f0 er hins vegar mj\u00f6g mismunandi eftir st\u00f6\u00f0um \u00ed Sv\u00ed\u00fej\u00f3\u00f0 og \u00e1 vissan h\u00e1tt er tilvist \u00feess enn umdeild.<\/p>\n<p align=\"JUSTIFY\">Vi\u00f0 h\u00f6fum teki\u00f0 dj\u00fapt kafa \u00ed \u00fej\u00f3\u00f0h\u00e1t\u00ed\u00f0ardegi Sv\u00ed\u00fej\u00f3\u00f0ar.<\/p>\n<h2 class=\"western\" align=\"JUSTIFY\">Gamla Sv\u00ed\u00fej\u00f3\u00f0 en n\u00fat\u00edma hef\u00f0<\/h2>\n<p align=\"JUSTIFY\">\u00c1 al\u00fej\u00f3\u00f0av\u00edsu er Sv\u00ed\u00fej\u00f3\u00f0 eitt af \u00feeim l\u00f6ndum sem hafa veri\u00f0 sameinu\u00f0 lengst. \u00dea\u00f0 er \u00ed raun eitt af elstu konungsr\u00edkjum \u00ed heimi. En \u00fer\u00e1tt fyrir \u00feetta er \u00fej\u00f3\u00f0h\u00e1t\u00ed\u00f0ardagur Sv\u00ed\u00fej\u00f3\u00f0ar nokku\u00f0 n\u00fdtt fyrirb\u00e6ri. \u00dea\u00f0 var ekki fyrr en undir lok 19. aldar sem \u00e1kve\u00f0i\u00f0 var a\u00f0 fagna Sv\u00ed\u00fej\u00f3\u00f0 sem sameinu\u00f0u r\u00edki.<\/p>\n<p align=\"JUSTIFY\">Saga dagsins \u00ed dag er \u00e1hugavert n\u00e1tengd Skansen. Hugmyndin me\u00f0 Skansen hefur alltaf veri\u00f0 a\u00f0 t\u00e1kna eins konar lifandi sm\u00e1mynd af Sv\u00ed\u00fej\u00f3\u00f0, sem \u00fe\u00fd\u00f0ir a\u00f0 fr\u00e1 upphafi var hugmynd um a\u00f0 einbeita s\u00e9r a\u00f0 Sv\u00ed\u00fej\u00f3\u00f0 sem \u00fej\u00f3\u00f0r\u00edki.<\/p>\n<p align=\"JUSTIFY\">\u00deegar \u00e1kve\u00f0i\u00f0 var \u00e1ri\u00f0 1893 a\u00f0 fagna Sv\u00ed\u00fej\u00f3\u00f0 var \u00e1kve\u00f0i\u00f0 a\u00f0 gefa endurgj\u00f6f til 6. j\u00fan\u00ed 1523 \u00feegar Gusta Vasa var\u00f0 konungur og jafnframt t\u00e1kn sameina\u00f0s Sv\u00ed\u00fej\u00f3\u00f0ar.<\/p>\n<h2 class=\"western\" align=\"JUSTIFY\">Nokku\u00f0 n\u00fdtt fr\u00ed<\/h2>\n<p align=\"JUSTIFY\">\u00de\u00f3tt \u00fej\u00f3\u00f0h\u00e1t\u00ed\u00f0ardagur Sv\u00ed\u00fej\u00f3\u00f0ar n\u00e1i n\u00fa meira en hundra\u00f0 \u00e1r aftur \u00ed t\u00edmann var \u00fea\u00f0 ekki fyrr en \u00e1ri\u00f0 2005 sem hann var\u00f0 almennur fr\u00eddagur. \u00dea\u00f0 gerir daginn \u00e1 spennandi h\u00e1tt b\u00e6\u00f0i n\u00fdtt og gamalt fyrirb\u00e6ri.<\/p>\n<p align=\"JUSTIFY\">H\u00e1t\u00ed\u00f0in er mj\u00f6g mismunandi eftir st\u00f6\u00f0um \u00ed Sv\u00ed\u00fej\u00f3\u00f0. En sem f\u00e1nadagur er sj\u00e1lfgefi\u00f0 a\u00f0 draga s\u00e6nska f\u00e1nann a\u00f0 h\u00fani. \u00d3l\u00edkt \u00f6\u00f0rum h\u00e1t\u00ed\u00f0um er \u00ed raun ekkert raunverulegt sni\u00f0m\u00e1t fyrir hvernig \u00fej\u00f3\u00f0h\u00e1t\u00ed\u00f0ardaginn skuli haldinn h\u00e1t\u00ed\u00f0legur. S\u00e9rstaklega heldur Skansen \u00e1fram a\u00f0 vera samnefnari og \u00fea\u00f0 er l\u00edka \u00fear sem st\u00f3r hluti h\u00e1t\u00ed\u00f0arinnar fer \u00ed raun fram. Hvort dagurinn muni n\u00e1 meiri v\u00ed\u00f0t\u00e6kri stu\u00f0ningi me\u00f0al almennings er hins vegar enn \u00f3lj\u00f3st.<\/p>\n<div class=\"ast-oembed-container\" style=\"height: 100%;\"><iframe loading=\"lazy\" title=\"Skansen segir - Hvers vegna h\u00f6ldum vi\u00f0 upp \u00e1 \u00fej\u00f3\u00f0h\u00e1t\u00ed\u00f0ardag Sv\u00ed\u00fej\u00f3\u00f0ar 6. j\u00fan\u00ed?\" width=\"500\" height=\"281\" src=\"https:\/\/www.youtube.com\/embed\/7SdIPuWMo_k?feature=oembed\" frameborder=\"0\" allow=\"accelerometer; autoplay; clipboard-write; encrypted-media; gyroscope; picture-in-picture; web-share\" referrerpolicy=\"strict-origin-when-cross-origin\" allowfullscreen><\/iframe><\/div>","protected":false},"excerpt":{"rendered":"<p>Sveriges nationaldag Trots sin v\u00e4ldiga s\u00e4rst\u00e4llning s\u00e5 har Sveriges nationaldag faktiskt inte varit helgdag s\u00e4rskilt l\u00e4nge. Men samtidigt har den anor som str\u00e4cker sig flera hundra \u00e5r bak\u00e5t i tiden. Hur den firas varierar d\u00e4remot stort mellan olika platser i Sverige, och p\u00e5 s\u00e4tt och vis \u00e4r dess varande fortfarande kontroversiellt. Vi har gjort en [&hellip;]<\/p>","protected":false},"author":1,"featured_media":0,"comment_status":"closed","ping_status":"open","sticky":false,"template":"","format":"standard","meta":{"site-sidebar-layout":"default","site-content-layout":"default","ast-site-content-layout":"","site-content-style":"default","site-sidebar-style":"default","ast-global-header-display":"","ast-banner-title-visibility":"","ast-main-header-display":"","ast-hfb-above-header-display":"","ast-hfb-below-header-display":"","ast-hfb-mobile-header-display":"","site-post-title":"","ast-breadcrumbs-content":"","ast-featured-img":"","footer-sml-layout":"","theme-transparent-header-meta":"default","adv-header-id-meta":"","stick-header-meta":"","header-above-stick-meta":"","header-main-stick-meta":"","header-below-stick-meta":"","astra-migrate-meta-layouts":"default","ast-page-background-enabled":"default","ast-page-background-meta":{"desktop":{"background-color":"var(--ast-global-color-4)","background-image":"","background-repeat":"repeat","background-position":"center center","background-size":"auto","background-attachment":"scroll","background-type":"","background-media":"","overlay-type":"","overlay-color":"","overlay-opacity":"","overlay-gradient":""},"tablet":{"background-color":"","background-image":"","background-repeat":"repeat","background-position":"center center","background-size":"auto","background-attachment":"scroll","background-type":"","background-media":"","overlay-type":"","overlay-color":"","overlay-opacity":"","overlay-gradient":""},"mobile":{"background-color":"","background-image":"","background-repeat":"repeat","background-position":"center center","background-size":"auto","background-attachment":"scroll","background-type":"","background-media":"","overlay-type":"","overlay-color":"","overlay-opacity":"","overlay-gradient":""}},"ast-content-background-meta":{"desktop":{"background-color":"var(--ast-global-color-5)","background-image":"","background-repeat":"repeat","background-position":"center center","background-size":"auto","background-attachment":"scroll","background-type":"","background-media":"","overlay-type":"","overlay-color":"","overlay-opacity":"","overlay-gradient":""},"tablet":{"background-color":"var(--ast-global-color-5)","background-image":"","background-repeat":"repeat","background-position":"center center","background-size":"auto","background-attachment":"scroll","background-type":"","background-media":"","overlay-type":"","overlay-color":"","overlay-opacity":"","overlay-gradient":""},"mobile":{"background-color":"var(--ast-global-color-5)","background-image":"","background-repeat":"repeat","background-position":"center center","background-size":"auto","background-attachment":"scroll","background-type":"","background-media":"","overlay-type":"","overlay-color":"","overlay-opacity":"","overlay-gradient":""}},"footnotes":""},"categories":[31],"tags":[],"class_list":["post-157","post","type-post","status-publish","format-standard","hentry","category-dagar"],"_links":{"self":[{"href":"https:\/\/xn--arbetstimmarpermnad-gxb.se\/is\/wp-json\/wp\/v2\/posts\/157","targetHints":{"allow":["GET"]}}],"collection":[{"href":"https:\/\/xn--arbetstimmarpermnad-gxb.se\/is\/wp-json\/wp\/v2\/posts"}],"about":[{"href":"https:\/\/xn--arbetstimmarpermnad-gxb.se\/is\/wp-json\/wp\/v2\/types\/post"}],"author":[{"embeddable":true,"href":"https:\/\/xn--arbetstimmarpermnad-gxb.se\/is\/wp-json\/wp\/v2\/users\/1"}],"replies":[{"embeddable":true,"href":"https:\/\/xn--arbetstimmarpermnad-gxb.se\/is\/wp-json\/wp\/v2\/comments?post=157"}],"version-history":[{"count":2,"href":"https:\/\/xn--arbetstimmarpermnad-gxb.se\/is\/wp-json\/wp\/v2\/posts\/157\/revisions"}],"predecessor-version":[{"id":160,"href":"https:\/\/xn--arbetstimmarpermnad-gxb.se\/is\/wp-json\/wp\/v2\/posts\/157\/revisions\/160"}],"wp:attachment":[{"href":"https:\/\/xn--arbetstimmarpermnad-gxb.se\/is\/wp-json\/wp\/v2\/media?parent=157"}],"wp:term":[{"taxonomy":"category","embeddable":true,"href":"https:\/\/xn--arbetstimmarpermnad-gxb.se\/is\/wp-json\/wp\/v2\/categories?post=157"},{"taxonomy":"post_tag","embeddable":true,"href":"https:\/\/xn--arbetstimmarpermnad-gxb.se\/is\/wp-json\/wp\/v2\/tags?post=157"}],"curies":[{"name":"wp","href":"https:\/\/api.w.org\/{rel}","templated":true}]}}